{"id":1006,"date":"2022-11-29T16:05:00","date_gmt":"2022-11-29T21:05:00","guid":{"rendered":"https:\/\/fundacionkairos.org\/?p=1006"},"modified":"2025-09-02T16:12:00","modified_gmt":"2025-09-02T21:12:00","slug":"la-chatarra-electronica-dara-forma-a-los-suenos-de-estudiantes-en-guayaquil","status":"publish","type":"post","link":"https:\/\/fundacionkairos.org\/en\/2022\/11\/29\/la-chatarra-electronica-dara-forma-a-los-suenos-de-estudiantes-en-guayaquil\/","title":{"rendered":"La chatarra electr\u00f3nica dar\u00e1 forma a los sue\u00f1os de estudiantes en Guayaquil"},"content":{"rendered":"<div data-elementor-type=\"wp-post\" data-elementor-id=\"1006\" class=\"elementor elementor-1006\" data-elementor-post-type=\"post\">\n\t\t\t\t<div class=\"elementor-element elementor-element-5ebf089b e-flex e-con-boxed e-con e-parent\" data-id=\"5ebf089b\" data-element_type=\"container\">\n\t\t\t\t\t<div class=\"e-con-inner\">\n\t\t<div class=\"elementor-element elementor-element-4787c054 e-con-full e-flex e-con e-child\" data-id=\"4787c054\" data-element_type=\"container\">\n\t\t\t\t<div class=\"elementor-element elementor-element-7a939f22 elementor-widget elementor-widget-image\" data-id=\"7a939f22\" data-element_type=\"widget\" data-widget_type=\"image.default\">\n\t\t\t\t<div class=\"elementor-widget-container\">\n\t\t\t\t\t\t\t\t\t\t\t\t\t\t\t<img fetchpriority=\"high\" decoding=\"async\" width=\"700\" height=\"391\" src=\"https:\/\/fundacionkairos.org\/wp-content\/uploads\/2025\/09\/fundacion-1-700x391-1.jpg\" class=\"attachment-full size-full wp-image-1007\" alt=\"\" srcset=\"https:\/\/fundacionkairos.org\/wp-content\/uploads\/2025\/09\/fundacion-1-700x391-1.jpg 700w, https:\/\/fundacionkairos.org\/wp-content\/uploads\/2025\/09\/fundacion-1-700x391-1-300x168.jpg 300w, https:\/\/fundacionkairos.org\/wp-content\/uploads\/2025\/09\/fundacion-1-700x391-1-18x10.jpg 18w\" sizes=\"(max-width: 700px) 100vw, 700px\" \/>\t\t\t\t\t\t\t\t\t\t\t\t\t\t\t<\/div>\n\t\t\t\t<\/div>\n\t\t\t\t<div class=\"elementor-element elementor-element-58d6c9e3 elementor-widget elementor-widget-heading\" data-id=\"58d6c9e3\" data-element_type=\"widget\" data-widget_type=\"heading.default\">\n\t\t\t\t<div class=\"elementor-widget-container\">\n\t\t\t\t\t<h2 class=\"elementor-heading-title elementor-size-default\">La chatarra electr\u00f3nica dar\u00e1 forma a los sue\u00f1os de estudiantes en Guayaquil<\/h2>\t\t\t\t<\/div>\n\t\t\t\t<\/div>\n\t\t\t\t<div class=\"elementor-element elementor-element-7edea53d elementor-widget elementor-widget-text-editor\" data-id=\"7edea53d\" data-element_type=\"widget\" data-widget_type=\"text-editor.default\">\n\t\t\t\t<div class=\"elementor-widget-container\">\n\t\t\t\t\t\t\t\t\t<p>El padre Sim\u00f3n dirige la Fundaci\u00f3n Kair\u00f3s, que contribuye a la protecci\u00f3n integral de ni\u00f1os, adolescentes y sus familias, especialmente de grupos vulnerables.\u00a0<\/p>\t\t\t\t\t\t\t\t<\/div>\n\t\t\t\t<\/div>\n\t\t\t\t<div class=\"elementor-element elementor-element-413e0e36 elementor-widget elementor-widget-text-editor\" data-id=\"413e0e36\" data-element_type=\"widget\" data-widget_type=\"text-editor.default\">\n\t\t\t\t<div class=\"elementor-widget-container\">\n\t\t\t\t\t\t\t\t\t<p>La met\u00e1fora de la flor de loto encaja a la perfecci\u00f3n con esta historia. Sus p\u00e9talos se despliegan sublimemente despu\u00e9s de romper la superficie del agua, pero nace del lodo.<\/p><p><strong>Jogendra Kumar Mahish<\/strong> -m\u00e1s conocido como el padre Sim\u00f3n- emplea esa popular alegor\u00eda de India, su pa\u00eds natal, para hablar de sus 21 a\u00f1os de trabajo en la <strong>Isla Trinitaria<\/strong>. En este popular sector del sur de Guayaquil se estableci\u00f3 como <strong>misionero Somasco<\/strong>. \u202f<\/p><p>\u201cCuando llegu\u00e9 solo hab\u00eda lodo y puentes de ca\u00f1a\u201d, recuerda. Ahora en una de las cuadras de la cooperativa 4 de Marzo sobresale el edificio de la <strong>Kairos Foundation<\/strong>, donde funcionan <strong>un colegio, talleres de capacitaci\u00f3n, consultorios m\u00e9dicos<\/strong> y dentro de poco una de las tres<strong> escuelas de tecnolog\u00edas de la informaci\u00f3n y comunicaci\u00f3n (TIC)<\/strong> que esperan abrir.<\/p><p>Esa es la meta de <strong>Programando su futuro<\/strong>. La iniciativa transformar\u00e1 toda la basura electr\u00f3nica que logren reunir en un programa de capacitaci\u00f3n para 10 000 ni\u00f1os y j\u00f3venes. Ser\u00e1n entrenados como programadores para alejarlos de las <strong>calles<\/strong>, las <strong>drogas<\/strong> y la <strong>violencia<\/strong>.<\/p><p>La campa\u00f1a est\u00e1 en marcha y ha empezado a receptar partes de <strong>computadoras, pantallas, impresoras, televisores<\/strong> fuera de uso y otros art\u00edculos electr\u00f3nicos que resultan inservibles para personas o empresas.<\/p><p>En la fundaci\u00f3n les dar\u00e1n una segunda oportunidad. Todo lo que logren reparar ir\u00e1 a casas de humildes familias. El resto ser\u00e1 vendido como chatarra para obtener fondos y as\u00ed adquirir 500 computadoras para implementar tres laboratorios en la Trinitaria, Monte Sina\u00ed y Dur\u00e1n, donde Kair\u00f3s -que significa tiempo de gracia y esperanza- tiene obras de apoyo social.<\/p><h4><strong>Una ni\u00f1a inspir\u00f3 todo<\/strong><\/h4><p>Hace 20 a\u00f1os, el padre Sim\u00f3n recibi\u00f3 la llamada de un hospital de Guayaquil. Una reci\u00e9n nacida hab\u00eda quedado hu\u00e9rfana; sus padres fallecieron con sida y ella era portadora de VIH. \u201cMe dijeron que vivir\u00eda solo seis meses. Pas\u00f3 ese tiempo y segu\u00eda con vida, as\u00ed que buscamos un plan\u201d.<\/p><p>Cuando lleg\u00f3 el tiempo de ir a la escuela, lograron matricularla bajo la reserva de su diagn\u00f3stico. No quer\u00edan que fuera discriminada en una \u00e9poca poco tolerante. Meses despu\u00e9s, el caso se hizo p\u00fablico y se activ\u00f3 una protesta en el plantel.<\/p><p><br \/>Entonces, la opci\u00f3n para la ni\u00f1a -a quien el sacerdote llama hija- fue recibir clases en casa. Luego de un tiempo inspir\u00f3 la apertura de un plantel educativo. \u201cEsa beb\u00e9 fue una bendici\u00f3n -dice el padre Sim\u00f3n-; Kair\u00f3s naci\u00f3 con ella y es una realidad como Dios, que no se ve, pero se vive y se palpa\u201d.<\/p><p><strong>Hoy la fundaci\u00f3n tiene 11 instituciones educativas, un centro m\u00e9dico de atenci\u00f3n gratuita, programas de apoyo a emprendedores, talleres de formaci\u00f3n artesanal, una escuela de l\u00edderes, casa de acogida para chicos en situaci\u00f3n de vulnerabilidad, una escuela de artes marciale<\/strong>s que en 2019 fue visitada por Marlon Chito Vera, y un comedor comunitario que alimenta a 500 ni\u00f1os cada d\u00eda en Dur\u00e1n.<\/p><p>Mar\u00eda, la peque\u00f1a que inspir\u00f3 todo, sigue con vida. En la fundaci\u00f3n hay m\u00e1s programas en planes. \u202f\u202f<\/p><h4><strong>City of children<\/strong><\/h4><p>Comparte desde una oraci\u00f3n hasta un \u2018selfie\u2019 con sus estudiantes. Y cuando visita las aulas no pierde la oportunidad de dar una peque\u00f1a clase de ingl\u00e9s o matem\u00e1ticas. \u202f<br \/>\u201cJes\u00fas vino a servir. Cuando caminaba en la calle y ve\u00eda a un cojo le dec\u00eda: \u00bfqu\u00e9 pas\u00f3 \u00f1a\u00f1o?, \u00a1lev\u00e1ntate, camina! -dice con su peculiar acento-. Eso debemos hacer hoy, sanar la debilidad, la incapacidad o la peque\u00f1ez de las comunidades\u201d.\u202f<\/p><p>En ese pensamiento se inspira otro proyecto de Kair\u00f3s: Ciudad de ni\u00f1os. La maqueta para este programa de atenci\u00f3n integral est\u00e1 lista, al igual que el terreno. Ser\u00e1 una comunidad autosustentable con escuelas, colegios, centros de formaci\u00f3n t\u00e9cnica, huertos, dispensarios m\u00e9dicos, canchas deportivas y casas de acogida.<\/p><p>Reunir los fondos es un desaf\u00edo, pero nada desmotiva a su creador. A trav\u00e9s de la campa\u00f1a Padre Sim\u00f3n, el amigo del mill\u00f3n espera agrupar a miles de donantes que aporten desde USD 10 al mes para ver florecer este nuevo sue\u00f1o.<\/p>\t\t\t\t\t\t\t\t<\/div>\n\t\t\t\t<\/div>\n\t\t\t\t<\/div>\n\t\t<div class=\"elementor-element elementor-element-7d62363a e-con-full e-flex e-con e-child\" data-id=\"7d62363a\" data-element_type=\"container\">\n\t\t\t\t<div class=\"elementor-element elementor-element-17f9da44 elementor-widget elementor-widget-heading\" data-id=\"17f9da44\" data-element_type=\"widget\" data-widget_type=\"heading.default\">\n\t\t\t\t<div class=\"elementor-widget-container\">\n\t\t\t\t\t<h2 class=\"elementor-heading-title elementor-size-default\">Otras noticias<\/h2>\t\t\t\t<\/div>\n\t\t\t\t<\/div>\n\t\t\t\t<div class=\"elementor-element elementor-element-58634d2c elementor-grid-1 elementor-grid-tablet-2 elementor-grid-mobile-1 elementor-posts--thumbnail-top elementor-widget elementor-widget-posts\" data-id=\"58634d2c\" data-element_type=\"widget\" data-settings=\"{&quot;classic_columns&quot;:&quot;1&quot;,&quot;classic_columns_tablet&quot;:&quot;2&quot;,&quot;classic_columns_mobile&quot;:&quot;1&quot;,&quot;classic_row_gap&quot;:{&quot;unit&quot;:&quot;px&quot;,&quot;size&quot;:35,&quot;sizes&quot;:[]},&quot;classic_row_gap_tablet&quot;:{&quot;unit&quot;:&quot;px&quot;,&quot;size&quot;:&quot;&quot;,&quot;sizes&quot;:[]},&quot;classic_row_gap_mobile&quot;:{&quot;unit&quot;:&quot;px&quot;,&quot;size&quot;:&quot;&quot;,&quot;sizes&quot;:[]}}\" data-widget_type=\"posts.classic\">\n\t\t\t\t<div class=\"elementor-widget-container\">\n\t\t\t\t\t\t\t<div class=\"elementor-posts-container elementor-posts elementor-posts--skin-classic elementor-grid\" role=\"list\">\n\t\t\t\t<article class=\"elementor-post elementor-grid-item post-999 post type-post status-publish format-standard has-post-thumbnail hentry category-noticias\" role=\"listitem\">\n\t\t\t\t<a class=\"elementor-post__thumbnail__link\" href=\"https:\/\/fundacionkairos.org\/en\/2023\/01\/19\/un-padre-desarrolla-campana-de-reciclaje\/\" tabindex=\"-1\" >\n\t\t\t<div class=\"elementor-post__thumbnail\"><img decoding=\"async\" width=\"300\" height=\"183\" src=\"https:\/\/fundacionkairos.org\/wp-content\/uploads\/2023\/01\/63c9ec6165716-300x183.jpeg\" class=\"attachment-medium size-medium wp-image-1002\" alt=\"\" srcset=\"https:\/\/fundacionkairos.org\/wp-content\/uploads\/2023\/01\/63c9ec6165716-300x183.jpeg 300w, https:\/\/fundacionkairos.org\/wp-content\/uploads\/2023\/01\/63c9ec6165716-768x470.jpeg 768w, https:\/\/fundacionkairos.org\/wp-content\/uploads\/2023\/01\/63c9ec6165716-18x12.jpeg 18w, https:\/\/fundacionkairos.org\/wp-content\/uploads\/2023\/01\/63c9ec6165716.jpeg 780w\" sizes=\"(max-width: 300px) 100vw, 300px\" \/><\/div>\n\t\t<\/a>\n\t\t\t\t<div class=\"elementor-post__text\">\n\t\t\t\t<h3 class=\"elementor-post__title\">\n\t\t\t<a href=\"https:\/\/fundacionkairos.org\/en\/2023\/01\/19\/un-padre-desarrolla-campana-de-reciclaje\/\" >\n\t\t\t\tUn padre desarrolla campa\u00f1a de reciclaje\t\t\t<\/a>\n\t\t<\/h3>\n\t\t\t\t<div class=\"elementor-post__meta-data\">\n\t\t\t\t\t<span class=\"elementor-post-date\">\n\t\t\t19 de January de 2023\t\t<\/span>\n\t\t\t\t<\/div>\n\t\t\t\t<div class=\"elementor-post__excerpt\">\n\t\t\t<p>Se llama\u00a0Simon Mahish y est\u00e1 al frente de una oeneg\u00e9 que educa a m\u00e1s 5.000 ni\u00f1os y adolescentes en sectores populares de Guayaquil El padre<\/p>\n\t\t<\/div>\n\t\t\n\t\t<a class=\"elementor-post__read-more\" href=\"https:\/\/fundacionkairos.org\/en\/2023\/01\/19\/un-padre-desarrolla-campana-de-reciclaje\/\" aria-label=\"Read more about Un padre desarrolla campa\u00f1a de reciclaje\" tabindex=\"-1\" >\n\t\t\tLeer m\u00e1s \u00bb\t\t<\/a>\n\n\t\t\t\t<\/div>\n\t\t\t\t<\/article>\n\t\t\t\t<article class=\"elementor-post elementor-grid-item post-1006 post type-post status-publish format-standard has-post-thumbnail hentry category-noticias\" role=\"listitem\">\n\t\t\t\t<a class=\"elementor-post__thumbnail__link\" href=\"https:\/\/fundacionkairos.org\/en\/2022\/11\/29\/la-chatarra-electronica-dara-forma-a-los-suenos-de-estudiantes-en-guayaquil\/\" tabindex=\"-1\" >\n\t\t\t<div class=\"elementor-post__thumbnail\"><img decoding=\"async\" width=\"300\" height=\"168\" src=\"https:\/\/fundacionkairos.org\/wp-content\/uploads\/2025\/09\/fundacion-1-700x391-1-300x168.jpg\" class=\"attachment-medium size-medium wp-image-1007\" alt=\"\" srcset=\"https:\/\/fundacionkairos.org\/wp-content\/uploads\/2025\/09\/fundacion-1-700x391-1-300x168.jpg 300w, https:\/\/fundacionkairos.org\/wp-content\/uploads\/2025\/09\/fundacion-1-700x391-1-18x10.jpg 18w, https:\/\/fundacionkairos.org\/wp-content\/uploads\/2025\/09\/fundacion-1-700x391-1.jpg 700w\" sizes=\"(max-width: 300px) 100vw, 300px\" \/><\/div>\n\t\t<\/a>\n\t\t\t\t<div class=\"elementor-post__text\">\n\t\t\t\t<h3 class=\"elementor-post__title\">\n\t\t\t<a href=\"https:\/\/fundacionkairos.org\/en\/2022\/11\/29\/la-chatarra-electronica-dara-forma-a-los-suenos-de-estudiantes-en-guayaquil\/\" >\n\t\t\t\tLa chatarra electr\u00f3nica dar\u00e1 forma a los sue\u00f1os de estudiantes en Guayaquil\t\t\t<\/a>\n\t\t<\/h3>\n\t\t\t\t<div class=\"elementor-post__meta-data\">\n\t\t\t\t\t<span class=\"elementor-post-date\">\n\t\t\t29 de November de 2022\t\t<\/span>\n\t\t\t\t<\/div>\n\t\t\t\t<div class=\"elementor-post__excerpt\">\n\t\t\t<p>El padre Sim\u00f3n dirige la Fundaci\u00f3n Kair\u00f3s, que contribuye a la protecci\u00f3n integral de ni\u00f1os, adolescentes y sus familias, especialmente de grupos vulnerables.\u00a0 La met\u00e1fora<\/p>\n\t\t<\/div>\n\t\t\n\t\t<a class=\"elementor-post__read-more\" href=\"https:\/\/fundacionkairos.org\/en\/2022\/11\/29\/la-chatarra-electronica-dara-forma-a-los-suenos-de-estudiantes-en-guayaquil\/\" aria-label=\"Read more about La chatarra electr\u00f3nica dar\u00e1 forma a los sue\u00f1os de estudiantes en Guayaquil\" tabindex=\"-1\" >\n\t\t\tLeer m\u00e1s \u00bb\t\t<\/a>\n\n\t\t\t\t<\/div>\n\t\t\t\t<\/article>\n\t\t\t\t<article class=\"elementor-post elementor-grid-item post-965 post type-post status-publish format-standard has-post-thumbnail hentry category-noticias\" role=\"listitem\">\n\t\t\t\t<a class=\"elementor-post__thumbnail__link\" href=\"https:\/\/fundacionkairos.org\/en\/2022\/07\/27\/el-sueno-de-un-sacerdote-de-crear-una-ciudad-de-ninos\/\" tabindex=\"-1\" >\n\t\t\t<div class=\"elementor-post__thumbnail\"><img loading=\"lazy\" decoding=\"async\" width=\"300\" height=\"183\" src=\"https:\/\/fundacionkairos.org\/wp-content\/uploads\/2025\/09\/62e11ea75b6b6-300x183.jpeg\" class=\"attachment-medium size-medium wp-image-966\" alt=\"\" srcset=\"https:\/\/fundacionkairos.org\/wp-content\/uploads\/2025\/09\/62e11ea75b6b6-300x183.jpeg 300w, https:\/\/fundacionkairos.org\/wp-content\/uploads\/2025\/09\/62e11ea75b6b6-768x470.jpeg 768w, https:\/\/fundacionkairos.org\/wp-content\/uploads\/2025\/09\/62e11ea75b6b6-18x12.jpeg 18w, https:\/\/fundacionkairos.org\/wp-content\/uploads\/2025\/09\/62e11ea75b6b6.jpeg 780w\" sizes=\"(max-width: 300px) 100vw, 300px\" \/><\/div>\n\t\t<\/a>\n\t\t\t\t<div class=\"elementor-post__text\">\n\t\t\t\t<h3 class=\"elementor-post__title\">\n\t\t\t<a href=\"https:\/\/fundacionkairos.org\/en\/2022\/07\/27\/el-sueno-de-un-sacerdote-de-crear-una-ciudad-de-ninos\/\" >\n\t\t\t\tEl sue\u00f1o de un sacerdote de crear una \u2018Ciudad de Ni\u00f1os\u2019\t\t\t<\/a>\n\t\t<\/h3>\n\t\t\t\t<div class=\"elementor-post__meta-data\">\n\t\t\t\t\t<span class=\"elementor-post-date\">\n\t\t\t27 de July de 2022\t\t<\/span>\n\t\t\t\t<\/div>\n\t\t\t\t<div class=\"elementor-post__excerpt\">\n\t\t\t<p>Sim\u00f3n Mahihs lidera una fundaci\u00f3n con 12 complejos a cargo con atenci\u00f3n gratuita. Ahora se ha propuesta construir una gran urbe educativa Cuando el\u00a0padre Sim\u00f3n<\/p>\n\t\t<\/div>\n\t\t\n\t\t<a class=\"elementor-post__read-more\" href=\"https:\/\/fundacionkairos.org\/en\/2022\/07\/27\/el-sueno-de-un-sacerdote-de-crear-una-ciudad-de-ninos\/\" aria-label=\"Read more about El sue\u00f1o de un sacerdote de crear una \u2018Ciudad de Ni\u00f1os\u2019\" tabindex=\"-1\" >\n\t\t\tLeer m\u00e1s \u00bb\t\t<\/a>\n\n\t\t\t\t<\/div>\n\t\t\t\t<\/article>\n\t\t\t\t<article class=\"elementor-post elementor-grid-item post-956 post type-post status-publish format-standard has-post-thumbnail hentry category-noticias\" role=\"listitem\">\n\t\t\t\t<a class=\"elementor-post__thumbnail__link\" href=\"https:\/\/fundacionkairos.org\/en\/2018\/11\/14\/padre-simon-el-guardian-de-la-educacion-en-la-trinitaria\/\" tabindex=\"-1\" >\n\t\t\t<div class=\"elementor-post__thumbnail\"><img loading=\"lazy\" decoding=\"async\" width=\"300\" height=\"183\" src=\"https:\/\/fundacionkairos.org\/wp-content\/uploads\/2025\/09\/5f19772220553-300x183.jpeg\" class=\"attachment-medium size-medium wp-image-957\" alt=\"\" srcset=\"https:\/\/fundacionkairos.org\/wp-content\/uploads\/2025\/09\/5f19772220553-300x183.jpeg 300w, https:\/\/fundacionkairos.org\/wp-content\/uploads\/2025\/09\/5f19772220553-768x470.jpeg 768w, https:\/\/fundacionkairos.org\/wp-content\/uploads\/2025\/09\/5f19772220553-18x12.jpeg 18w, https:\/\/fundacionkairos.org\/wp-content\/uploads\/2025\/09\/5f19772220553.jpeg 780w\" sizes=\"(max-width: 300px) 100vw, 300px\" \/><\/div>\n\t\t<\/a>\n\t\t\t\t<div class=\"elementor-post__text\">\n\t\t\t\t<h3 class=\"elementor-post__title\">\n\t\t\t<a href=\"https:\/\/fundacionkairos.org\/en\/2018\/11\/14\/padre-simon-el-guardian-de-la-educacion-en-la-trinitaria\/\" >\n\t\t\t\tPadre Sim\u00f3n, el guardi\u00e1n de la educaci\u00f3n en la Trinitaria\t\t\t<\/a>\n\t\t<\/h3>\n\t\t\t\t<div class=\"elementor-post__meta-data\">\n\t\t\t\t\t<span class=\"elementor-post-date\">\n\t\t\t14 de November de 2018\t\t<\/span>\n\t\t\t\t<\/div>\n\t\t\t\t<div class=\"elementor-post__excerpt\">\n\t\t\t<p>Beneficios: La fundaci\u00f3n Kairos, del padre Sim\u00f3n, brinda educaci\u00f3n y atenci\u00f3n m\u00e9dica gratuita. Su labor se inspir\u00f3 en un episodio de discriminaci\u00f3n. La directora la<\/p>\n\t\t<\/div>\n\t\t\n\t\t<a class=\"elementor-post__read-more\" href=\"https:\/\/fundacionkairos.org\/en\/2018\/11\/14\/padre-simon-el-guardian-de-la-educacion-en-la-trinitaria\/\" aria-label=\"Read more about Padre Sim\u00f3n, el guardi\u00e1n de la educaci\u00f3n en la Trinitaria\" tabindex=\"-1\" >\n\t\t\tLeer m\u00e1s \u00bb\t\t<\/a>\n\n\t\t\t\t<\/div>\n\t\t\t\t<\/article>\n\t\t\t\t<article class=\"elementor-post elementor-grid-item post-978 post type-post status-publish format-standard has-post-thumbnail hentry category-noticias\" role=\"listitem\">\n\t\t\t\t<a class=\"elementor-post__thumbnail__link\" href=\"https:\/\/fundacionkairos.org\/en\/2018\/07\/17\/el-amigo-del-millon-un-cura-custodio-de-la-educacion-en-ecuador\/\" tabindex=\"-1\" >\n\t\t\t<div class=\"elementor-post__thumbnail\"><img loading=\"lazy\" decoding=\"async\" width=\"300\" height=\"169\" src=\"https:\/\/fundacionkairos.org\/wp-content\/uploads\/2018\/07\/web3-padre-simon-ecuador-11-instagram-padresimon-300x169.webp\" class=\"attachment-medium size-medium wp-image-981\" alt=\"\" srcset=\"https:\/\/fundacionkairos.org\/wp-content\/uploads\/2018\/07\/web3-padre-simon-ecuador-11-instagram-padresimon-300x169.webp 300w, https:\/\/fundacionkairos.org\/wp-content\/uploads\/2018\/07\/web3-padre-simon-ecuador-11-instagram-padresimon-18x10.webp 18w, https:\/\/fundacionkairos.org\/wp-content\/uploads\/2018\/07\/web3-padre-simon-ecuador-11-instagram-padresimon.webp 620w\" sizes=\"(max-width: 300px) 100vw, 300px\" \/><\/div>\n\t\t<\/a>\n\t\t\t\t<div class=\"elementor-post__text\">\n\t\t\t\t<h3 class=\"elementor-post__title\">\n\t\t\t<a href=\"https:\/\/fundacionkairos.org\/en\/2018\/07\/17\/el-amigo-del-millon-un-cura-custodio-de-la-educacion-en-ecuador\/\" >\n\t\t\t\t\u201cEl amigo del mill\u00f3n\u201d, un cura custodio de la educaci\u00f3n en Ecuador\t\t\t<\/a>\n\t\t<\/h3>\n\t\t\t\t<div class=\"elementor-post__meta-data\">\n\t\t\t\t\t<span class=\"elementor-post-date\">\n\t\t\t17 de July de 2018\t\t<\/span>\n\t\t\t\t<\/div>\n\t\t\t\t<div class=\"elementor-post__excerpt\">\n\t\t\t<p>Beneficios: La fundaci\u00f3n Kairos, del padre Sim\u00f3n, brinda educaci\u00f3n y atenci\u00f3n m\u00e9dica gratuita. Su labor se inspir\u00f3 en un episodio de discriminaci\u00f3n. La directora la<\/p>\n\t\t<\/div>\n\t\t\n\t\t<a class=\"elementor-post__read-more\" href=\"https:\/\/fundacionkairos.org\/en\/2018\/07\/17\/el-amigo-del-millon-un-cura-custodio-de-la-educacion-en-ecuador\/\" aria-label=\"Read more about \u201cEl amigo del mill\u00f3n\u201d, un cura custodio de la educaci\u00f3n en Ecuador\" tabindex=\"-1\" >\n\t\t\tLeer m\u00e1s \u00bb\t\t<\/a>\n\n\t\t\t\t<\/div>\n\t\t\t\t<\/article>\n\t\t\t\t<\/div>\n\t\t\n\t\t\t\t\t\t<\/div>\n\t\t\t\t<\/div>\n\t\t\t\t<\/div>\n\t\t\t\t\t<\/div>\n\t\t\t\t<\/div>\n\t\t\t\t<\/div>","protected":false},"excerpt":{"rendered":"<p>El padre Sim\u00f3n dirige la Fundaci\u00f3n Kair\u00f3s, que contribuye a la protecci\u00f3n integral de ni\u00f1os, adolescentes y sus familias, especialmente de grupos vulnerables.\u00a0 La met\u00e1fora de la flor de loto encaja a la perfecci\u00f3n con esta historia. Sus p\u00e9talos se despliegan sublimemente despu\u00e9s de romper la superficie del agua, pero nace del lodo. Jogendra Kumar [&hellip;]<\/p>","protected":false},"author":1,"featured_media":1007,"comment_status":"open","ping_status":"open","sticky":false,"template":"elementor_header_footer","format":"standard","meta":{"footnotes":""},"categories":[11],"tags":[],"class_list":["post-1006","post","type-post","status-publish","format-standard","has-post-thumbnail","hentry","category-noticias"],"_links":{"self":[{"href":"https:\/\/fundacionkairos.org\/en\/wp-json\/wp\/v2\/posts\/1006","targetHints":{"allow":["GET"]}}],"collection":[{"href":"https:\/\/fundacionkairos.org\/en\/wp-json\/wp\/v2\/posts"}],"about":[{"href":"https:\/\/fundacionkairos.org\/en\/wp-json\/wp\/v2\/types\/post"}],"author":[{"embeddable":true,"href":"https:\/\/fundacionkairos.org\/en\/wp-json\/wp\/v2\/users\/1"}],"replies":[{"embeddable":true,"href":"https:\/\/fundacionkairos.org\/en\/wp-json\/wp\/v2\/comments?post=1006"}],"version-history":[{"count":4,"href":"https:\/\/fundacionkairos.org\/en\/wp-json\/wp\/v2\/posts\/1006\/revisions"}],"predecessor-version":[{"id":1012,"href":"https:\/\/fundacionkairos.org\/en\/wp-json\/wp\/v2\/posts\/1006\/revisions\/1012"}],"wp:featuredmedia":[{"embeddable":true,"href":"https:\/\/fundacionkairos.org\/en\/wp-json\/wp\/v2\/media\/1007"}],"wp:attachment":[{"href":"https:\/\/fundacionkairos.org\/en\/wp-json\/wp\/v2\/media?parent=1006"}],"wp:term":[{"taxonomy":"category","embeddable":true,"href":"https:\/\/fundacionkairos.org\/en\/wp-json\/wp\/v2\/categories?post=1006"},{"taxonomy":"post_tag","embeddable":true,"href":"https:\/\/fundacionkairos.org\/en\/wp-json\/wp\/v2\/tags?post=1006"}],"curies":[{"name":"wp","href":"https:\/\/api.w.org\/{rel}","templated":true}]}}