{"id":965,"date":"2022-07-27T13:31:00","date_gmt":"2022-07-27T18:31:00","guid":{"rendered":"https:\/\/fundacionkairos.org\/?p=965"},"modified":"2025-09-02T14:22:25","modified_gmt":"2025-09-02T19:22:25","slug":"el-sueno-de-un-sacerdote-de-crear-una-ciudad-de-ninos","status":"publish","type":"post","link":"https:\/\/fundacionkairos.org\/en\/2022\/07\/27\/el-sueno-de-un-sacerdote-de-crear-una-ciudad-de-ninos\/","title":{"rendered":"El sue\u00f1o de un sacerdote de crear una \u2018Ciudad de Ni\u00f1os\u2019"},"content":{"rendered":"<div data-elementor-type=\"wp-post\" data-elementor-id=\"965\" class=\"elementor elementor-965\" data-elementor-post-type=\"post\">\n\t\t\t\t<div class=\"elementor-element elementor-element-658bf323 e-flex e-con-boxed e-con e-parent\" data-id=\"658bf323\" data-element_type=\"container\">\n\t\t\t\t\t<div class=\"e-con-inner\">\n\t\t<div class=\"elementor-element elementor-element-ac9219f e-con-full e-flex e-con e-child\" data-id=\"ac9219f\" data-element_type=\"container\">\n\t\t\t\t<div class=\"elementor-element elementor-element-1a6e6a elementor-widget elementor-widget-image\" data-id=\"1a6e6a\" data-element_type=\"widget\" data-widget_type=\"image.default\">\n\t\t\t\t<div class=\"elementor-widget-container\">\n\t\t\t\t\t\t\t\t\t\t\t\t\t\t\t<img fetchpriority=\"high\" decoding=\"async\" width=\"780\" height=\"477\" src=\"https:\/\/fundacionkairos.org\/wp-content\/uploads\/2025\/09\/62e11ea75b6b6.jpeg\" class=\"attachment-full size-full wp-image-966\" alt=\"\" srcset=\"https:\/\/fundacionkairos.org\/wp-content\/uploads\/2025\/09\/62e11ea75b6b6.jpeg 780w, https:\/\/fundacionkairos.org\/wp-content\/uploads\/2025\/09\/62e11ea75b6b6-300x183.jpeg 300w, https:\/\/fundacionkairos.org\/wp-content\/uploads\/2025\/09\/62e11ea75b6b6-768x470.jpeg 768w, https:\/\/fundacionkairos.org\/wp-content\/uploads\/2025\/09\/62e11ea75b6b6-18x12.jpeg 18w\" sizes=\"(max-width: 780px) 100vw, 780px\" \/>\t\t\t\t\t\t\t\t\t\t\t\t\t\t\t<\/div>\n\t\t\t\t<\/div>\n\t\t\t\t<div class=\"elementor-element elementor-element-28d4b6af elementor-widget elementor-widget-heading\" data-id=\"28d4b6af\" data-element_type=\"widget\" data-widget_type=\"heading.default\">\n\t\t\t\t<div class=\"elementor-widget-container\">\n\t\t\t\t\t<h2 class=\"elementor-heading-title elementor-size-default\">El sue\u00f1o de un sacerdote de crear una \u2018Ciudad de Ni\u00f1os\u2019<\/h2>\t\t\t\t<\/div>\n\t\t\t\t<\/div>\n\t\t\t\t<div class=\"elementor-element elementor-element-7ddaf283 elementor-widget elementor-widget-text-editor\" data-id=\"7ddaf283\" data-element_type=\"widget\" data-widget_type=\"text-editor.default\">\n\t\t\t\t<div class=\"elementor-widget-container\">\n\t\t\t\t\t\t\t\t\t<p>Sim\u00f3n Mahihs lidera una fundaci\u00f3n con 12 complejos a cargo con atenci\u00f3n gratuita. Ahora se ha propuesta construir una gran urbe educativa<\/p>\t\t\t\t\t\t\t\t<\/div>\n\t\t\t\t<\/div>\n\t\t\t\t<div class=\"elementor-element elementor-element-5105f883 elementor-widget elementor-widget-text-editor\" data-id=\"5105f883\" data-element_type=\"widget\" data-widget_type=\"text-editor.default\">\n\t\t\t\t<div class=\"elementor-widget-container\">\n\t\t\t\t\t\t\t\t\tCuando el\u00a0<strong>padre Sim\u00f3n Mahihs<\/strong>\u00a0fue enviado desde su pueblo en la India a la isla Trinitaria en 2001 arribaba para atender la parte espiritual. Sin embargo, posicionado en su parroquia de la cooperativa 4 Marzo, supo que hab\u00eda algo m\u00e1s de lo qu\u00e9 preocuparse: las necesidades materiales. \u201cAc\u00e1 la gente viv\u00eda sobre el fango, no hab\u00eda nada. El agua se la tra\u00eda en tachos desde afuera. Ni sanitarios ni electricidad\u201d, asegura este sacerdote de la orden de los padres Somascos.\n\n&nbsp;\n<p id=\"m92-91-93\" class=\"paragraph\" data-mrf-recirculation=\"Links p\u00e1rrafos\">Cuando el\u00a0<strong>padre Sim\u00f3n Mahihs<\/strong>\u00a0fue enviado desde su pueblo en la India a la isla Trinitaria en 2001 arribaba para atender la parte espiritual. Sin embargo, posicionado en su parroquia de la cooperativa 4 Marzo, supo que hab\u00eda algo m\u00e1s de lo qu\u00e9 preocuparse: las necesidades materiales. \u201cAc\u00e1 la gente viv\u00eda sobre el fango, no hab\u00eda nada. El agua se la tra\u00eda en tachos desde afuera. Ni sanitarios ni electricidad\u201d, asegura este sacerdote de la orden de los padres Somascos.<\/p>\n\n\n\n<p>En estos d\u00edas el barrio cambi\u00f3. Y no es que a \u00e9l le correspondi\u00f3 lo del relleno o el resto de servicios. Sin embargo, los cientos de habitantes de su cooperativa y las miles de familias de la isla, al igual que de\u00a0<strong>Pascuales, Monte Sina\u00ed y Dur\u00e1n<\/strong>, saben lo que el padre Sim\u00f3n trajo a sus vidas.<\/p>\n<p>En el lugar donde lleg\u00f3 a oficiar la misa existe un edificio de varios pisos en el que se han educado cientos de ni\u00f1os. Su comunidad religiosa creci\u00f3 con seis iglesias en diferentes sectores. \u00c9l no est\u00e1 al frente de ellas, sino de la fundaci\u00f3n Kair\u00f3s, que cre\u00f3 a poco de llegar. \u201cTenemos<strong>\u00a012 instalaciones educativas y de capacitaci\u00f3n en diferentes sectores<\/strong>\u00a0de la ciudad. No solo atendemos a los ni\u00f1os, tambi\u00e9n a las familias\u201d, dice el sacerdote, quien asegura que tras este tiempo de habitar y caminar por los barrios populares de Guayaquil se ha dado cuenta que siempre los se\u00f1alan. \u201cHablan de las drogas, de la delincuencia, pero nadie atiende el problema desde la ra\u00edz\u201d. Precisamente en eso es en lo que \u00e9l trabaja. \u201cAhora tengo un sue\u00f1o muy grande. Construir una Ciudad de Ni\u00f1os\u201d.<\/p>\n<p >Si de algo est\u00e1 seguro el padre Sim\u00f3n es de sus amigos. Tantos. Un nexo que sembr\u00f3 a lo largo de 20 a\u00f1os. En alg\u00fan momento se le ocurri\u00f3 reunir 20 mil ni\u00f1os y j\u00f3venes para entregarles un bal\u00f3n. \u201cLo logr\u00e9.<strong>\u00a0Dimos 20 mil balones ese d\u00eda<\/strong>\u201d. El terreno donde piensa construir su Ciudad de Ni\u00f1os ya lo tiene. Le lleg\u00f3 como una donaci\u00f3n. \u201cSon 10 hect\u00e1reas que est\u00e1n en Monte Sina\u00ed, a la espera de que comencemos a construir. Ah\u00ed habr\u00e1 de todo. Educaremos desde el kinder hasta el tecnol\u00f3gico\u201d.<\/p>\t\t\t\t\t\t\t\t<\/div>\n\t\t\t\t<\/div>\n\t\t\t\t<\/div>\n\t\t<div class=\"elementor-element elementor-element-4f574fa4 e-con-full e-flex e-con e-child\" data-id=\"4f574fa4\" data-element_type=\"container\">\n\t\t\t\t<div class=\"elementor-element elementor-element-5ecb763b elementor-widget elementor-widget-heading\" data-id=\"5ecb763b\" data-element_type=\"widget\" data-widget_type=\"heading.default\">\n\t\t\t\t<div class=\"elementor-widget-container\">\n\t\t\t\t\t<h2 class=\"elementor-heading-title elementor-size-default\">Otras noticias<\/h2>\t\t\t\t<\/div>\n\t\t\t\t<\/div>\n\t\t\t\t<div class=\"elementor-element elementor-element-3387a18 elementor-grid-1 elementor-grid-tablet-2 elementor-grid-mobile-1 elementor-posts--thumbnail-top elementor-widget elementor-widget-posts\" data-id=\"3387a18\" data-element_type=\"widget\" data-settings=\"{&quot;classic_columns&quot;:&quot;1&quot;,&quot;classic_columns_tablet&quot;:&quot;2&quot;,&quot;classic_columns_mobile&quot;:&quot;1&quot;,&quot;classic_row_gap&quot;:{&quot;unit&quot;:&quot;px&quot;,&quot;size&quot;:35,&quot;sizes&quot;:[]},&quot;classic_row_gap_tablet&quot;:{&quot;unit&quot;:&quot;px&quot;,&quot;size&quot;:&quot;&quot;,&quot;sizes&quot;:[]},&quot;classic_row_gap_mobile&quot;:{&quot;unit&quot;:&quot;px&quot;,&quot;size&quot;:&quot;&quot;,&quot;sizes&quot;:[]}}\" data-widget_type=\"posts.classic\">\n\t\t\t\t<div class=\"elementor-widget-container\">\n\t\t\t\t\t\t\t<div class=\"elementor-posts-container elementor-posts elementor-posts--skin-classic elementor-grid\" role=\"list\">\n\t\t\t\t<article class=\"elementor-post elementor-grid-item post-999 post type-post status-publish format-standard has-post-thumbnail hentry category-noticias\" role=\"listitem\">\n\t\t\t\t<a class=\"elementor-post__thumbnail__link\" href=\"https:\/\/fundacionkairos.org\/en\/2023\/01\/19\/un-padre-desarrolla-campana-de-reciclaje\/\" tabindex=\"-1\" >\n\t\t\t<div class=\"elementor-post__thumbnail\"><img decoding=\"async\" width=\"300\" height=\"183\" src=\"https:\/\/fundacionkairos.org\/wp-content\/uploads\/2023\/01\/63c9ec6165716-300x183.jpeg\" class=\"attachment-medium size-medium wp-image-1002\" alt=\"\" srcset=\"https:\/\/fundacionkairos.org\/wp-content\/uploads\/2023\/01\/63c9ec6165716-300x183.jpeg 300w, https:\/\/fundacionkairos.org\/wp-content\/uploads\/2023\/01\/63c9ec6165716-768x470.jpeg 768w, https:\/\/fundacionkairos.org\/wp-content\/uploads\/2023\/01\/63c9ec6165716-18x12.jpeg 18w, https:\/\/fundacionkairos.org\/wp-content\/uploads\/2023\/01\/63c9ec6165716.jpeg 780w\" sizes=\"(max-width: 300px) 100vw, 300px\" \/><\/div>\n\t\t<\/a>\n\t\t\t\t<div class=\"elementor-post__text\">\n\t\t\t\t<h3 class=\"elementor-post__title\">\n\t\t\t<a href=\"https:\/\/fundacionkairos.org\/en\/2023\/01\/19\/un-padre-desarrolla-campana-de-reciclaje\/\" >\n\t\t\t\tUn padre desarrolla campa\u00f1a de reciclaje\t\t\t<\/a>\n\t\t<\/h3>\n\t\t\t\t<div class=\"elementor-post__meta-data\">\n\t\t\t\t\t<span class=\"elementor-post-date\">\n\t\t\t19 de January de 2023\t\t<\/span>\n\t\t\t\t<\/div>\n\t\t\t\t<div class=\"elementor-post__excerpt\">\n\t\t\t<p>Se llama\u00a0Simon Mahish y est\u00e1 al frente de una oeneg\u00e9 que educa a m\u00e1s 5.000 ni\u00f1os y adolescentes en sectores populares de Guayaquil El padre<\/p>\n\t\t<\/div>\n\t\t\n\t\t<a class=\"elementor-post__read-more\" href=\"https:\/\/fundacionkairos.org\/en\/2023\/01\/19\/un-padre-desarrolla-campana-de-reciclaje\/\" aria-label=\"Read more about Un padre desarrolla campa\u00f1a de reciclaje\" tabindex=\"-1\" >\n\t\t\tLeer m\u00e1s \u00bb\t\t<\/a>\n\n\t\t\t\t<\/div>\n\t\t\t\t<\/article>\n\t\t\t\t<article class=\"elementor-post elementor-grid-item post-1006 post type-post status-publish format-standard has-post-thumbnail hentry category-noticias\" role=\"listitem\">\n\t\t\t\t<a class=\"elementor-post__thumbnail__link\" href=\"https:\/\/fundacionkairos.org\/en\/2022\/11\/29\/la-chatarra-electronica-dara-forma-a-los-suenos-de-estudiantes-en-guayaquil\/\" tabindex=\"-1\" >\n\t\t\t<div class=\"elementor-post__thumbnail\"><img decoding=\"async\" width=\"300\" height=\"168\" src=\"https:\/\/fundacionkairos.org\/wp-content\/uploads\/2025\/09\/fundacion-1-700x391-1-300x168.jpg\" class=\"attachment-medium size-medium wp-image-1007\" alt=\"\" srcset=\"https:\/\/fundacionkairos.org\/wp-content\/uploads\/2025\/09\/fundacion-1-700x391-1-300x168.jpg 300w, https:\/\/fundacionkairos.org\/wp-content\/uploads\/2025\/09\/fundacion-1-700x391-1-18x10.jpg 18w, https:\/\/fundacionkairos.org\/wp-content\/uploads\/2025\/09\/fundacion-1-700x391-1.jpg 700w\" sizes=\"(max-width: 300px) 100vw, 300px\" \/><\/div>\n\t\t<\/a>\n\t\t\t\t<div class=\"elementor-post__text\">\n\t\t\t\t<h3 class=\"elementor-post__title\">\n\t\t\t<a href=\"https:\/\/fundacionkairos.org\/en\/2022\/11\/29\/la-chatarra-electronica-dara-forma-a-los-suenos-de-estudiantes-en-guayaquil\/\" >\n\t\t\t\tLa chatarra electr\u00f3nica dar\u00e1 forma a los sue\u00f1os de estudiantes en Guayaquil\t\t\t<\/a>\n\t\t<\/h3>\n\t\t\t\t<div class=\"elementor-post__meta-data\">\n\t\t\t\t\t<span class=\"elementor-post-date\">\n\t\t\t29 de November de 2022\t\t<\/span>\n\t\t\t\t<\/div>\n\t\t\t\t<div class=\"elementor-post__excerpt\">\n\t\t\t<p>El padre Sim\u00f3n dirige la Fundaci\u00f3n Kair\u00f3s, que contribuye a la protecci\u00f3n integral de ni\u00f1os, adolescentes y sus familias, especialmente de grupos vulnerables.\u00a0 La met\u00e1fora<\/p>\n\t\t<\/div>\n\t\t\n\t\t<a class=\"elementor-post__read-more\" href=\"https:\/\/fundacionkairos.org\/en\/2022\/11\/29\/la-chatarra-electronica-dara-forma-a-los-suenos-de-estudiantes-en-guayaquil\/\" aria-label=\"Read more about La chatarra electr\u00f3nica dar\u00e1 forma a los sue\u00f1os de estudiantes en Guayaquil\" tabindex=\"-1\" >\n\t\t\tLeer m\u00e1s \u00bb\t\t<\/a>\n\n\t\t\t\t<\/div>\n\t\t\t\t<\/article>\n\t\t\t\t<article class=\"elementor-post elementor-grid-item post-965 post type-post status-publish format-standard has-post-thumbnail hentry category-noticias\" role=\"listitem\">\n\t\t\t\t<a class=\"elementor-post__thumbnail__link\" href=\"https:\/\/fundacionkairos.org\/en\/2022\/07\/27\/el-sueno-de-un-sacerdote-de-crear-una-ciudad-de-ninos\/\" tabindex=\"-1\" >\n\t\t\t<div class=\"elementor-post__thumbnail\"><img loading=\"lazy\" decoding=\"async\" width=\"300\" height=\"183\" src=\"https:\/\/fundacionkairos.org\/wp-content\/uploads\/2025\/09\/62e11ea75b6b6-300x183.jpeg\" class=\"attachment-medium size-medium wp-image-966\" alt=\"\" srcset=\"https:\/\/fundacionkairos.org\/wp-content\/uploads\/2025\/09\/62e11ea75b6b6-300x183.jpeg 300w, https:\/\/fundacionkairos.org\/wp-content\/uploads\/2025\/09\/62e11ea75b6b6-768x470.jpeg 768w, https:\/\/fundacionkairos.org\/wp-content\/uploads\/2025\/09\/62e11ea75b6b6-18x12.jpeg 18w, https:\/\/fundacionkairos.org\/wp-content\/uploads\/2025\/09\/62e11ea75b6b6.jpeg 780w\" sizes=\"(max-width: 300px) 100vw, 300px\" \/><\/div>\n\t\t<\/a>\n\t\t\t\t<div class=\"elementor-post__text\">\n\t\t\t\t<h3 class=\"elementor-post__title\">\n\t\t\t<a href=\"https:\/\/fundacionkairos.org\/en\/2022\/07\/27\/el-sueno-de-un-sacerdote-de-crear-una-ciudad-de-ninos\/\" >\n\t\t\t\tEl sue\u00f1o de un sacerdote de crear una \u2018Ciudad de Ni\u00f1os\u2019\t\t\t<\/a>\n\t\t<\/h3>\n\t\t\t\t<div class=\"elementor-post__meta-data\">\n\t\t\t\t\t<span class=\"elementor-post-date\">\n\t\t\t27 de July de 2022\t\t<\/span>\n\t\t\t\t<\/div>\n\t\t\t\t<div class=\"elementor-post__excerpt\">\n\t\t\t<p>Sim\u00f3n Mahihs lidera una fundaci\u00f3n con 12 complejos a cargo con atenci\u00f3n gratuita. Ahora se ha propuesta construir una gran urbe educativa Cuando el\u00a0padre Sim\u00f3n<\/p>\n\t\t<\/div>\n\t\t\n\t\t<a class=\"elementor-post__read-more\" href=\"https:\/\/fundacionkairos.org\/en\/2022\/07\/27\/el-sueno-de-un-sacerdote-de-crear-una-ciudad-de-ninos\/\" aria-label=\"Read more about El sue\u00f1o de un sacerdote de crear una \u2018Ciudad de Ni\u00f1os\u2019\" tabindex=\"-1\" >\n\t\t\tLeer m\u00e1s \u00bb\t\t<\/a>\n\n\t\t\t\t<\/div>\n\t\t\t\t<\/article>\n\t\t\t\t<article class=\"elementor-post elementor-grid-item post-956 post type-post status-publish format-standard has-post-thumbnail hentry category-noticias\" role=\"listitem\">\n\t\t\t\t<a class=\"elementor-post__thumbnail__link\" href=\"https:\/\/fundacionkairos.org\/en\/2018\/11\/14\/padre-simon-el-guardian-de-la-educacion-en-la-trinitaria\/\" tabindex=\"-1\" >\n\t\t\t<div class=\"elementor-post__thumbnail\"><img loading=\"lazy\" decoding=\"async\" width=\"300\" height=\"183\" src=\"https:\/\/fundacionkairos.org\/wp-content\/uploads\/2025\/09\/5f19772220553-300x183.jpeg\" class=\"attachment-medium size-medium wp-image-957\" alt=\"\" srcset=\"https:\/\/fundacionkairos.org\/wp-content\/uploads\/2025\/09\/5f19772220553-300x183.jpeg 300w, https:\/\/fundacionkairos.org\/wp-content\/uploads\/2025\/09\/5f19772220553-768x470.jpeg 768w, https:\/\/fundacionkairos.org\/wp-content\/uploads\/2025\/09\/5f19772220553-18x12.jpeg 18w, https:\/\/fundacionkairos.org\/wp-content\/uploads\/2025\/09\/5f19772220553.jpeg 780w\" sizes=\"(max-width: 300px) 100vw, 300px\" \/><\/div>\n\t\t<\/a>\n\t\t\t\t<div class=\"elementor-post__text\">\n\t\t\t\t<h3 class=\"elementor-post__title\">\n\t\t\t<a href=\"https:\/\/fundacionkairos.org\/en\/2018\/11\/14\/padre-simon-el-guardian-de-la-educacion-en-la-trinitaria\/\" >\n\t\t\t\tPadre Sim\u00f3n, el guardi\u00e1n de la educaci\u00f3n en la Trinitaria\t\t\t<\/a>\n\t\t<\/h3>\n\t\t\t\t<div class=\"elementor-post__meta-data\">\n\t\t\t\t\t<span class=\"elementor-post-date\">\n\t\t\t14 de November de 2018\t\t<\/span>\n\t\t\t\t<\/div>\n\t\t\t\t<div class=\"elementor-post__excerpt\">\n\t\t\t<p>Beneficios: La fundaci\u00f3n Kairos, del padre Sim\u00f3n, brinda educaci\u00f3n y atenci\u00f3n m\u00e9dica gratuita. Su labor se inspir\u00f3 en un episodio de discriminaci\u00f3n. La directora la<\/p>\n\t\t<\/div>\n\t\t\n\t\t<a class=\"elementor-post__read-more\" href=\"https:\/\/fundacionkairos.org\/en\/2018\/11\/14\/padre-simon-el-guardian-de-la-educacion-en-la-trinitaria\/\" aria-label=\"Read more about Padre Sim\u00f3n, el guardi\u00e1n de la educaci\u00f3n en la Trinitaria\" tabindex=\"-1\" >\n\t\t\tLeer m\u00e1s \u00bb\t\t<\/a>\n\n\t\t\t\t<\/div>\n\t\t\t\t<\/article>\n\t\t\t\t<article class=\"elementor-post elementor-grid-item post-978 post type-post status-publish format-standard has-post-thumbnail hentry category-noticias\" role=\"listitem\">\n\t\t\t\t<a class=\"elementor-post__thumbnail__link\" href=\"https:\/\/fundacionkairos.org\/en\/2018\/07\/17\/el-amigo-del-millon-un-cura-custodio-de-la-educacion-en-ecuador\/\" tabindex=\"-1\" >\n\t\t\t<div class=\"elementor-post__thumbnail\"><img loading=\"lazy\" decoding=\"async\" width=\"300\" height=\"169\" src=\"https:\/\/fundacionkairos.org\/wp-content\/uploads\/2018\/07\/web3-padre-simon-ecuador-11-instagram-padresimon-300x169.webp\" class=\"attachment-medium size-medium wp-image-981\" alt=\"\" srcset=\"https:\/\/fundacionkairos.org\/wp-content\/uploads\/2018\/07\/web3-padre-simon-ecuador-11-instagram-padresimon-300x169.webp 300w, https:\/\/fundacionkairos.org\/wp-content\/uploads\/2018\/07\/web3-padre-simon-ecuador-11-instagram-padresimon-18x10.webp 18w, https:\/\/fundacionkairos.org\/wp-content\/uploads\/2018\/07\/web3-padre-simon-ecuador-11-instagram-padresimon.webp 620w\" sizes=\"(max-width: 300px) 100vw, 300px\" \/><\/div>\n\t\t<\/a>\n\t\t\t\t<div class=\"elementor-post__text\">\n\t\t\t\t<h3 class=\"elementor-post__title\">\n\t\t\t<a href=\"https:\/\/fundacionkairos.org\/en\/2018\/07\/17\/el-amigo-del-millon-un-cura-custodio-de-la-educacion-en-ecuador\/\" >\n\t\t\t\t\u201cEl amigo del mill\u00f3n\u201d, un cura custodio de la educaci\u00f3n en Ecuador\t\t\t<\/a>\n\t\t<\/h3>\n\t\t\t\t<div class=\"elementor-post__meta-data\">\n\t\t\t\t\t<span class=\"elementor-post-date\">\n\t\t\t17 de July de 2018\t\t<\/span>\n\t\t\t\t<\/div>\n\t\t\t\t<div class=\"elementor-post__excerpt\">\n\t\t\t<p>Beneficios: La fundaci\u00f3n Kairos, del padre Sim\u00f3n, brinda educaci\u00f3n y atenci\u00f3n m\u00e9dica gratuita. Su labor se inspir\u00f3 en un episodio de discriminaci\u00f3n. La directora la<\/p>\n\t\t<\/div>\n\t\t\n\t\t<a class=\"elementor-post__read-more\" href=\"https:\/\/fundacionkairos.org\/en\/2018\/07\/17\/el-amigo-del-millon-un-cura-custodio-de-la-educacion-en-ecuador\/\" aria-label=\"Read more about \u201cEl amigo del mill\u00f3n\u201d, un cura custodio de la educaci\u00f3n en Ecuador\" tabindex=\"-1\" >\n\t\t\tLeer m\u00e1s \u00bb\t\t<\/a>\n\n\t\t\t\t<\/div>\n\t\t\t\t<\/article>\n\t\t\t\t<\/div>\n\t\t\n\t\t\t\t\t\t<\/div>\n\t\t\t\t<\/div>\n\t\t\t\t<\/div>\n\t\t\t\t\t<\/div>\n\t\t\t\t<\/div>\n\t\t\t\t<\/div>","protected":false},"excerpt":{"rendered":"<p>Sim\u00f3n Mahihs lidera una fundaci\u00f3n con 12 complejos a cargo con atenci\u00f3n gratuita. Ahora se ha propuesta construir una gran urbe educativa Cuando el\u00a0padre Sim\u00f3n Mahihs\u00a0fue enviado desde su pueblo en la India a la isla Trinitaria en 2001 arribaba para atender la parte espiritual. Sin embargo, posicionado en su parroquia de la cooperativa 4 [&hellip;]<\/p>","protected":false},"author":1,"featured_media":966,"comment_status":"open","ping_status":"open","sticky":false,"template":"elementor_header_footer","format":"standard","meta":{"footnotes":""},"categories":[11],"tags":[],"class_list":["post-965","post","type-post","status-publish","format-standard","has-post-thumbnail","hentry","category-noticias"],"_links":{"self":[{"href":"https:\/\/fundacionkairos.org\/en\/wp-json\/wp\/v2\/posts\/965","targetHints":{"allow":["GET"]}}],"collection":[{"href":"https:\/\/fundacionkairos.org\/en\/wp-json\/wp\/v2\/posts"}],"about":[{"href":"https:\/\/fundacionkairos.org\/en\/wp-json\/wp\/v2\/types\/post"}],"author":[{"embeddable":true,"href":"https:\/\/fundacionkairos.org\/en\/wp-json\/wp\/v2\/users\/1"}],"replies":[{"embeddable":true,"href":"https:\/\/fundacionkairos.org\/en\/wp-json\/wp\/v2\/comments?post=965"}],"version-history":[{"count":10,"href":"https:\/\/fundacionkairos.org\/en\/wp-json\/wp\/v2\/posts\/965\/revisions"}],"predecessor-version":[{"id":977,"href":"https:\/\/fundacionkairos.org\/en\/wp-json\/wp\/v2\/posts\/965\/revisions\/977"}],"wp:featuredmedia":[{"embeddable":true,"href":"https:\/\/fundacionkairos.org\/en\/wp-json\/wp\/v2\/media\/966"}],"wp:attachment":[{"href":"https:\/\/fundacionkairos.org\/en\/wp-json\/wp\/v2\/media?parent=965"}],"wp:term":[{"taxonomy":"category","embeddable":true,"href":"https:\/\/fundacionkairos.org\/en\/wp-json\/wp\/v2\/categories?post=965"},{"taxonomy":"post_tag","embeddable":true,"href":"https:\/\/fundacionkairos.org\/en\/wp-json\/wp\/v2\/tags?post=965"}],"curies":[{"name":"wp","href":"https:\/\/api.w.org\/{rel}","templated":true}]}}