{"id":999,"date":"2023-01-19T16:02:00","date_gmt":"2023-01-19T21:02:00","guid":{"rendered":"https:\/\/fundacionkairos.org\/?p=999"},"modified":"2025-09-02T16:05:16","modified_gmt":"2025-09-02T21:05:16","slug":"un-padre-desarrolla-campana-de-reciclaje","status":"publish","type":"post","link":"https:\/\/fundacionkairos.org\/en\/2023\/01\/19\/un-padre-desarrolla-campana-de-reciclaje\/","title":{"rendered":"Un padre desarrolla campa\u00f1a de reciclaje"},"content":{"rendered":"<div data-elementor-type=\"wp-post\" data-elementor-id=\"999\" class=\"elementor elementor-999\" data-elementor-post-type=\"post\">\n\t\t\t\t<div class=\"elementor-element elementor-element-22260e66 e-flex e-con-boxed e-con e-parent\" data-id=\"22260e66\" data-element_type=\"container\">\n\t\t\t\t\t<div class=\"e-con-inner\">\n\t\t<div class=\"elementor-element elementor-element-3e6c4ea e-con-full e-flex e-con e-child\" data-id=\"3e6c4ea\" data-element_type=\"container\">\n\t\t\t\t<div class=\"elementor-element elementor-element-36fd0cfa elementor-widget elementor-widget-image\" data-id=\"36fd0cfa\" data-element_type=\"widget\" data-widget_type=\"image.default\">\n\t\t\t\t<div class=\"elementor-widget-container\">\n\t\t\t\t\t\t\t\t\t\t\t\t\t\t\t<img fetchpriority=\"high\" decoding=\"async\" width=\"780\" height=\"477\" src=\"https:\/\/fundacionkairos.org\/wp-content\/uploads\/2023\/01\/63c9ec6165716.jpeg\" class=\"attachment-full size-full wp-image-1002\" alt=\"\" srcset=\"https:\/\/fundacionkairos.org\/wp-content\/uploads\/2023\/01\/63c9ec6165716.jpeg 780w, https:\/\/fundacionkairos.org\/wp-content\/uploads\/2023\/01\/63c9ec6165716-300x183.jpeg 300w, https:\/\/fundacionkairos.org\/wp-content\/uploads\/2023\/01\/63c9ec6165716-768x470.jpeg 768w, https:\/\/fundacionkairos.org\/wp-content\/uploads\/2023\/01\/63c9ec6165716-18x12.jpeg 18w\" sizes=\"(max-width: 780px) 100vw, 780px\" \/>\t\t\t\t\t\t\t\t\t\t\t\t\t\t\t<\/div>\n\t\t\t\t<\/div>\n\t\t\t\t<div class=\"elementor-element elementor-element-3a9b3850 elementor-widget elementor-widget-heading\" data-id=\"3a9b3850\" data-element_type=\"widget\" data-widget_type=\"heading.default\">\n\t\t\t\t<div class=\"elementor-widget-container\">\n\t\t\t\t\t<h2 class=\"elementor-heading-title elementor-size-default\">Un padre desarrolla campa\u00f1a de reciclaje<\/h2>\t\t\t\t<\/div>\n\t\t\t\t<\/div>\n\t\t\t\t<div class=\"elementor-element elementor-element-fd1aa3b elementor-widget elementor-widget-text-editor\" data-id=\"fd1aa3b\" data-element_type=\"widget\" data-widget_type=\"text-editor.default\">\n\t\t\t\t<div class=\"elementor-widget-container\">\n\t\t\t\t\t\t\t\t\t<p>Se llama\u00a0Simon Mahish y est\u00e1 al frente de una oeneg\u00e9 que educa a m\u00e1s 5.000 ni\u00f1os y adolescentes en sectores populares de Guayaquil<\/p>\t\t\t\t\t\t\t\t<\/div>\n\t\t\t\t<\/div>\n\t\t\t\t<div class=\"elementor-element elementor-element-6b72bb71 elementor-widget elementor-widget-text-editor\" data-id=\"6b72bb71\" data-element_type=\"widget\" data-widget_type=\"text-editor.default\">\n\t\t\t\t<div class=\"elementor-widget-container\">\n\t\t\t\t\t\t\t\t\t<p>El padre Sim\u00f3n,\u00a0<strong>conocido como el \u2018Amigo del mill\u00f3n\u2019,<\/strong>\u00a0mantiene una campa\u00f1a permanente de reciclaje por medio de la fundaci\u00f3n Kair\u00f3s.<\/p><p>Recoge ropa, juguetes, equipos electr\u00f3nicos o cualquier tipo de objeto que ya no use (incluso que est\u00e9 defectuoso), <strong>puede donarlo y el padre Sim\u00f3n con gusto lo aceptar\u00e1\u00a0<\/strong>e incluso se encargar\u00e1 de la transportaci\u00f3n de la donaci\u00f3n. Con estas donaciones se adecuan las aulas de clases, talleres y viviendas en favor de los m\u00e1s necesitados.<\/p><p>Lo que se dona es invertido en la educaci\u00f3n y formaci\u00f3n integral de ni\u00f1os, ni\u00f1as y adolescentes de los barrios mas vulnerables. Adem\u00e1s de velar por vela por la formaci\u00f3n laboral, salud, alimentaci\u00f3n y bienestar de sus familias.<\/p><p>El objetivo principal de los aportes son destinados a proyectos que buscan facilitar la integraci\u00f3n social a trav\u00e9s de diferentes programas y campa\u00f1as de intervenci\u00f3n social.\u00a0<strong>Son m\u00e1s de 5.000 ni\u00f1os, ni\u00f1as y adolescentes que cada periodo lectivo\u00a0<\/strong>requieren lo b\u00e1sico para poder estudiar dignamente. Son mas de 8 establecimientos educativos que se mantienen gracias a tus donaciones.<\/p><p>The\u00a0<strong>Fundaci\u00f3n Kair\u00f3s lleva 20 a\u00f1os de experiencia, trabajando por el bienestar integral<\/strong>\u00a0de los ni\u00f1os y ni\u00f1as y sus familias, haciendo posible el respeto de los derechos de la ni\u00f1ez, creando un ambiente familiar donde se viva la responsabilidad de ser padres, el respeto por el otro y el desarrollo integral como seres humanos.<\/p><p><strong>Para los donativos.<\/strong><\/p><ul><li>Llamar al 0999067575 o 0999067575. Cooperativa 4 de marzo, manzana 445, solar 27, Isla Trinitaria.<\/li><\/ul><p>\u00a0<\/p>\t\t\t\t\t\t\t\t<\/div>\n\t\t\t\t<\/div>\n\t\t\t\t<\/div>\n\t\t<div class=\"elementor-element elementor-element-3a86faf2 e-con-full e-flex e-con e-child\" data-id=\"3a86faf2\" data-element_type=\"container\">\n\t\t\t\t<div class=\"elementor-element elementor-element-6922808a elementor-widget elementor-widget-heading\" data-id=\"6922808a\" data-element_type=\"widget\" data-widget_type=\"heading.default\">\n\t\t\t\t<div class=\"elementor-widget-container\">\n\t\t\t\t\t<h2 class=\"elementor-heading-title elementor-size-default\">Otras noticias<\/h2>\t\t\t\t<\/div>\n\t\t\t\t<\/div>\n\t\t\t\t<div class=\"elementor-element elementor-element-67745a15 elementor-grid-1 elementor-grid-tablet-2 elementor-grid-mobile-1 elementor-posts--thumbnail-top elementor-widget elementor-widget-posts\" data-id=\"67745a15\" data-element_type=\"widget\" data-settings=\"{&quot;classic_columns&quot;:&quot;1&quot;,&quot;classic_columns_tablet&quot;:&quot;2&quot;,&quot;classic_columns_mobile&quot;:&quot;1&quot;,&quot;classic_row_gap&quot;:{&quot;unit&quot;:&quot;px&quot;,&quot;size&quot;:35,&quot;sizes&quot;:[]},&quot;classic_row_gap_tablet&quot;:{&quot;unit&quot;:&quot;px&quot;,&quot;size&quot;:&quot;&quot;,&quot;sizes&quot;:[]},&quot;classic_row_gap_mobile&quot;:{&quot;unit&quot;:&quot;px&quot;,&quot;size&quot;:&quot;&quot;,&quot;sizes&quot;:[]}}\" data-widget_type=\"posts.classic\">\n\t\t\t\t<div class=\"elementor-widget-container\">\n\t\t\t\t\t\t\t<div class=\"elementor-posts-container elementor-posts elementor-posts--skin-classic elementor-grid\" role=\"list\">\n\t\t\t\t<article class=\"elementor-post elementor-grid-item post-999 post type-post status-publish format-standard has-post-thumbnail hentry category-noticias\" role=\"listitem\">\n\t\t\t\t<a class=\"elementor-post__thumbnail__link\" href=\"https:\/\/fundacionkairos.org\/en\/2023\/01\/19\/un-padre-desarrolla-campana-de-reciclaje\/\" tabindex=\"-1\" >\n\t\t\t<div class=\"elementor-post__thumbnail\"><img decoding=\"async\" width=\"300\" height=\"183\" src=\"https:\/\/fundacionkairos.org\/wp-content\/uploads\/2023\/01\/63c9ec6165716-300x183.jpeg\" class=\"attachment-medium size-medium wp-image-1002\" alt=\"\" srcset=\"https:\/\/fundacionkairos.org\/wp-content\/uploads\/2023\/01\/63c9ec6165716-300x183.jpeg 300w, https:\/\/fundacionkairos.org\/wp-content\/uploads\/2023\/01\/63c9ec6165716-768x470.jpeg 768w, https:\/\/fundacionkairos.org\/wp-content\/uploads\/2023\/01\/63c9ec6165716-18x12.jpeg 18w, https:\/\/fundacionkairos.org\/wp-content\/uploads\/2023\/01\/63c9ec6165716.jpeg 780w\" sizes=\"(max-width: 300px) 100vw, 300px\" \/><\/div>\n\t\t<\/a>\n\t\t\t\t<div class=\"elementor-post__text\">\n\t\t\t\t<h3 class=\"elementor-post__title\">\n\t\t\t<a href=\"https:\/\/fundacionkairos.org\/en\/2023\/01\/19\/un-padre-desarrolla-campana-de-reciclaje\/\" >\n\t\t\t\tUn padre desarrolla campa\u00f1a de reciclaje\t\t\t<\/a>\n\t\t<\/h3>\n\t\t\t\t<div class=\"elementor-post__meta-data\">\n\t\t\t\t\t<span class=\"elementor-post-date\">\n\t\t\t19 de January de 2023\t\t<\/span>\n\t\t\t\t<\/div>\n\t\t\t\t<div class=\"elementor-post__excerpt\">\n\t\t\t<p>Se llama\u00a0Simon Mahish y est\u00e1 al frente de una oeneg\u00e9 que educa a m\u00e1s 5.000 ni\u00f1os y adolescentes en sectores populares de Guayaquil El padre<\/p>\n\t\t<\/div>\n\t\t\n\t\t<a class=\"elementor-post__read-more\" href=\"https:\/\/fundacionkairos.org\/en\/2023\/01\/19\/un-padre-desarrolla-campana-de-reciclaje\/\" aria-label=\"Read more about Un padre desarrolla campa\u00f1a de reciclaje\" tabindex=\"-1\" >\n\t\t\tLeer m\u00e1s \u00bb\t\t<\/a>\n\n\t\t\t\t<\/div>\n\t\t\t\t<\/article>\n\t\t\t\t<article class=\"elementor-post elementor-grid-item post-1006 post type-post status-publish format-standard has-post-thumbnail hentry category-noticias\" role=\"listitem\">\n\t\t\t\t<a class=\"elementor-post__thumbnail__link\" href=\"https:\/\/fundacionkairos.org\/en\/2022\/11\/29\/la-chatarra-electronica-dara-forma-a-los-suenos-de-estudiantes-en-guayaquil\/\" tabindex=\"-1\" >\n\t\t\t<div class=\"elementor-post__thumbnail\"><img decoding=\"async\" width=\"300\" height=\"168\" src=\"https:\/\/fundacionkairos.org\/wp-content\/uploads\/2025\/09\/fundacion-1-700x391-1-300x168.jpg\" class=\"attachment-medium size-medium wp-image-1007\" alt=\"\" srcset=\"https:\/\/fundacionkairos.org\/wp-content\/uploads\/2025\/09\/fundacion-1-700x391-1-300x168.jpg 300w, https:\/\/fundacionkairos.org\/wp-content\/uploads\/2025\/09\/fundacion-1-700x391-1-18x10.jpg 18w, https:\/\/fundacionkairos.org\/wp-content\/uploads\/2025\/09\/fundacion-1-700x391-1.jpg 700w\" sizes=\"(max-width: 300px) 100vw, 300px\" \/><\/div>\n\t\t<\/a>\n\t\t\t\t<div class=\"elementor-post__text\">\n\t\t\t\t<h3 class=\"elementor-post__title\">\n\t\t\t<a href=\"https:\/\/fundacionkairos.org\/en\/2022\/11\/29\/la-chatarra-electronica-dara-forma-a-los-suenos-de-estudiantes-en-guayaquil\/\" >\n\t\t\t\tLa chatarra electr\u00f3nica dar\u00e1 forma a los sue\u00f1os de estudiantes en Guayaquil\t\t\t<\/a>\n\t\t<\/h3>\n\t\t\t\t<div class=\"elementor-post__meta-data\">\n\t\t\t\t\t<span class=\"elementor-post-date\">\n\t\t\t29 de November de 2022\t\t<\/span>\n\t\t\t\t<\/div>\n\t\t\t\t<div class=\"elementor-post__excerpt\">\n\t\t\t<p>El padre Sim\u00f3n dirige la Fundaci\u00f3n Kair\u00f3s, que contribuye a la protecci\u00f3n integral de ni\u00f1os, adolescentes y sus familias, especialmente de grupos vulnerables.\u00a0 La met\u00e1fora<\/p>\n\t\t<\/div>\n\t\t\n\t\t<a class=\"elementor-post__read-more\" href=\"https:\/\/fundacionkairos.org\/en\/2022\/11\/29\/la-chatarra-electronica-dara-forma-a-los-suenos-de-estudiantes-en-guayaquil\/\" aria-label=\"Read more about La chatarra electr\u00f3nica dar\u00e1 forma a los sue\u00f1os de estudiantes en Guayaquil\" tabindex=\"-1\" >\n\t\t\tLeer m\u00e1s \u00bb\t\t<\/a>\n\n\t\t\t\t<\/div>\n\t\t\t\t<\/article>\n\t\t\t\t<article class=\"elementor-post elementor-grid-item post-965 post type-post status-publish format-standard has-post-thumbnail hentry category-noticias\" role=\"listitem\">\n\t\t\t\t<a class=\"elementor-post__thumbnail__link\" href=\"https:\/\/fundacionkairos.org\/en\/2022\/07\/27\/el-sueno-de-un-sacerdote-de-crear-una-ciudad-de-ninos\/\" tabindex=\"-1\" >\n\t\t\t<div class=\"elementor-post__thumbnail\"><img loading=\"lazy\" decoding=\"async\" width=\"300\" height=\"183\" src=\"https:\/\/fundacionkairos.org\/wp-content\/uploads\/2025\/09\/62e11ea75b6b6-300x183.jpeg\" class=\"attachment-medium size-medium wp-image-966\" alt=\"\" srcset=\"https:\/\/fundacionkairos.org\/wp-content\/uploads\/2025\/09\/62e11ea75b6b6-300x183.jpeg 300w, https:\/\/fundacionkairos.org\/wp-content\/uploads\/2025\/09\/62e11ea75b6b6-768x470.jpeg 768w, https:\/\/fundacionkairos.org\/wp-content\/uploads\/2025\/09\/62e11ea75b6b6-18x12.jpeg 18w, https:\/\/fundacionkairos.org\/wp-content\/uploads\/2025\/09\/62e11ea75b6b6.jpeg 780w\" sizes=\"(max-width: 300px) 100vw, 300px\" \/><\/div>\n\t\t<\/a>\n\t\t\t\t<div class=\"elementor-post__text\">\n\t\t\t\t<h3 class=\"elementor-post__title\">\n\t\t\t<a href=\"https:\/\/fundacionkairos.org\/en\/2022\/07\/27\/el-sueno-de-un-sacerdote-de-crear-una-ciudad-de-ninos\/\" >\n\t\t\t\tEl sue\u00f1o de un sacerdote de crear una \u2018Ciudad de Ni\u00f1os\u2019\t\t\t<\/a>\n\t\t<\/h3>\n\t\t\t\t<div class=\"elementor-post__meta-data\">\n\t\t\t\t\t<span class=\"elementor-post-date\">\n\t\t\t27 de July de 2022\t\t<\/span>\n\t\t\t\t<\/div>\n\t\t\t\t<div class=\"elementor-post__excerpt\">\n\t\t\t<p>Sim\u00f3n Mahihs lidera una fundaci\u00f3n con 12 complejos a cargo con atenci\u00f3n gratuita. Ahora se ha propuesta construir una gran urbe educativa Cuando el\u00a0padre Sim\u00f3n<\/p>\n\t\t<\/div>\n\t\t\n\t\t<a class=\"elementor-post__read-more\" href=\"https:\/\/fundacionkairos.org\/en\/2022\/07\/27\/el-sueno-de-un-sacerdote-de-crear-una-ciudad-de-ninos\/\" aria-label=\"Read more about El sue\u00f1o de un sacerdote de crear una \u2018Ciudad de Ni\u00f1os\u2019\" tabindex=\"-1\" >\n\t\t\tLeer m\u00e1s \u00bb\t\t<\/a>\n\n\t\t\t\t<\/div>\n\t\t\t\t<\/article>\n\t\t\t\t<article class=\"elementor-post elementor-grid-item post-956 post type-post status-publish format-standard has-post-thumbnail hentry category-noticias\" role=\"listitem\">\n\t\t\t\t<a class=\"elementor-post__thumbnail__link\" href=\"https:\/\/fundacionkairos.org\/en\/2018\/11\/14\/padre-simon-el-guardian-de-la-educacion-en-la-trinitaria\/\" tabindex=\"-1\" >\n\t\t\t<div class=\"elementor-post__thumbnail\"><img loading=\"lazy\" decoding=\"async\" width=\"300\" height=\"183\" src=\"https:\/\/fundacionkairos.org\/wp-content\/uploads\/2025\/09\/5f19772220553-300x183.jpeg\" class=\"attachment-medium size-medium wp-image-957\" alt=\"\" srcset=\"https:\/\/fundacionkairos.org\/wp-content\/uploads\/2025\/09\/5f19772220553-300x183.jpeg 300w, https:\/\/fundacionkairos.org\/wp-content\/uploads\/2025\/09\/5f19772220553-768x470.jpeg 768w, https:\/\/fundacionkairos.org\/wp-content\/uploads\/2025\/09\/5f19772220553-18x12.jpeg 18w, https:\/\/fundacionkairos.org\/wp-content\/uploads\/2025\/09\/5f19772220553.jpeg 780w\" sizes=\"(max-width: 300px) 100vw, 300px\" \/><\/div>\n\t\t<\/a>\n\t\t\t\t<div class=\"elementor-post__text\">\n\t\t\t\t<h3 class=\"elementor-post__title\">\n\t\t\t<a href=\"https:\/\/fundacionkairos.org\/en\/2018\/11\/14\/padre-simon-el-guardian-de-la-educacion-en-la-trinitaria\/\" >\n\t\t\t\tPadre Sim\u00f3n, el guardi\u00e1n de la educaci\u00f3n en la Trinitaria\t\t\t<\/a>\n\t\t<\/h3>\n\t\t\t\t<div class=\"elementor-post__meta-data\">\n\t\t\t\t\t<span class=\"elementor-post-date\">\n\t\t\t14 de November de 2018\t\t<\/span>\n\t\t\t\t<\/div>\n\t\t\t\t<div class=\"elementor-post__excerpt\">\n\t\t\t<p>Beneficios: La fundaci\u00f3n Kairos, del padre Sim\u00f3n, brinda educaci\u00f3n y atenci\u00f3n m\u00e9dica gratuita. Su labor se inspir\u00f3 en un episodio de discriminaci\u00f3n. La directora la<\/p>\n\t\t<\/div>\n\t\t\n\t\t<a class=\"elementor-post__read-more\" href=\"https:\/\/fundacionkairos.org\/en\/2018\/11\/14\/padre-simon-el-guardian-de-la-educacion-en-la-trinitaria\/\" aria-label=\"Read more about Padre Sim\u00f3n, el guardi\u00e1n de la educaci\u00f3n en la Trinitaria\" tabindex=\"-1\" >\n\t\t\tLeer m\u00e1s \u00bb\t\t<\/a>\n\n\t\t\t\t<\/div>\n\t\t\t\t<\/article>\n\t\t\t\t<article class=\"elementor-post elementor-grid-item post-978 post type-post status-publish format-standard has-post-thumbnail hentry category-noticias\" role=\"listitem\">\n\t\t\t\t<a class=\"elementor-post__thumbnail__link\" href=\"https:\/\/fundacionkairos.org\/en\/2018\/07\/17\/el-amigo-del-millon-un-cura-custodio-de-la-educacion-en-ecuador\/\" tabindex=\"-1\" >\n\t\t\t<div class=\"elementor-post__thumbnail\"><img loading=\"lazy\" decoding=\"async\" width=\"300\" height=\"169\" src=\"https:\/\/fundacionkairos.org\/wp-content\/uploads\/2018\/07\/web3-padre-simon-ecuador-11-instagram-padresimon-300x169.webp\" class=\"attachment-medium size-medium wp-image-981\" alt=\"\" srcset=\"https:\/\/fundacionkairos.org\/wp-content\/uploads\/2018\/07\/web3-padre-simon-ecuador-11-instagram-padresimon-300x169.webp 300w, https:\/\/fundacionkairos.org\/wp-content\/uploads\/2018\/07\/web3-padre-simon-ecuador-11-instagram-padresimon-18x10.webp 18w, https:\/\/fundacionkairos.org\/wp-content\/uploads\/2018\/07\/web3-padre-simon-ecuador-11-instagram-padresimon.webp 620w\" sizes=\"(max-width: 300px) 100vw, 300px\" \/><\/div>\n\t\t<\/a>\n\t\t\t\t<div class=\"elementor-post__text\">\n\t\t\t\t<h3 class=\"elementor-post__title\">\n\t\t\t<a href=\"https:\/\/fundacionkairos.org\/en\/2018\/07\/17\/el-amigo-del-millon-un-cura-custodio-de-la-educacion-en-ecuador\/\" >\n\t\t\t\t\u201cEl amigo del mill\u00f3n\u201d, un cura custodio de la educaci\u00f3n en Ecuador\t\t\t<\/a>\n\t\t<\/h3>\n\t\t\t\t<div class=\"elementor-post__meta-data\">\n\t\t\t\t\t<span class=\"elementor-post-date\">\n\t\t\t17 de July de 2018\t\t<\/span>\n\t\t\t\t<\/div>\n\t\t\t\t<div class=\"elementor-post__excerpt\">\n\t\t\t<p>Beneficios: La fundaci\u00f3n Kairos, del padre Sim\u00f3n, brinda educaci\u00f3n y atenci\u00f3n m\u00e9dica gratuita. Su labor se inspir\u00f3 en un episodio de discriminaci\u00f3n. La directora la<\/p>\n\t\t<\/div>\n\t\t\n\t\t<a class=\"elementor-post__read-more\" href=\"https:\/\/fundacionkairos.org\/en\/2018\/07\/17\/el-amigo-del-millon-un-cura-custodio-de-la-educacion-en-ecuador\/\" aria-label=\"Read more about \u201cEl amigo del mill\u00f3n\u201d, un cura custodio de la educaci\u00f3n en Ecuador\" tabindex=\"-1\" >\n\t\t\tLeer m\u00e1s \u00bb\t\t<\/a>\n\n\t\t\t\t<\/div>\n\t\t\t\t<\/article>\n\t\t\t\t<\/div>\n\t\t\n\t\t\t\t\t\t<\/div>\n\t\t\t\t<\/div>\n\t\t\t\t<\/div>\n\t\t\t\t\t<\/div>\n\t\t\t\t<\/div>\n\t\t\t\t<\/div>","protected":false},"excerpt":{"rendered":"<p>Se llama\u00a0Simon Mahish y est\u00e1 al frente de una oeneg\u00e9 que educa a m\u00e1s 5.000 ni\u00f1os y adolescentes en sectores populares de Guayaquil El padre Sim\u00f3n,\u00a0conocido como el \u2018Amigo del mill\u00f3n\u2019,\u00a0mantiene una campa\u00f1a permanente de reciclaje por medio de la fundaci\u00f3n Kair\u00f3s. Recoge ropa, juguetes, equipos electr\u00f3nicos o cualquier tipo de objeto que ya no [&hellip;]<\/p>","protected":false},"author":1,"featured_media":1002,"comment_status":"open","ping_status":"open","sticky":false,"template":"elementor_header_footer","format":"standard","meta":{"footnotes":""},"categories":[11],"tags":[],"class_list":["post-999","post","type-post","status-publish","format-standard","has-post-thumbnail","hentry","category-noticias"],"_links":{"self":[{"href":"https:\/\/fundacionkairos.org\/en\/wp-json\/wp\/v2\/posts\/999","targetHints":{"allow":["GET"]}}],"collection":[{"href":"https:\/\/fundacionkairos.org\/en\/wp-json\/wp\/v2\/posts"}],"about":[{"href":"https:\/\/fundacionkairos.org\/en\/wp-json\/wp\/v2\/types\/post"}],"author":[{"embeddable":true,"href":"https:\/\/fundacionkairos.org\/en\/wp-json\/wp\/v2\/users\/1"}],"replies":[{"embeddable":true,"href":"https:\/\/fundacionkairos.org\/en\/wp-json\/wp\/v2\/comments?post=999"}],"version-history":[{"count":4,"href":"https:\/\/fundacionkairos.org\/en\/wp-json\/wp\/v2\/posts\/999\/revisions"}],"predecessor-version":[{"id":1005,"href":"https:\/\/fundacionkairos.org\/en\/wp-json\/wp\/v2\/posts\/999\/revisions\/1005"}],"wp:featuredmedia":[{"embeddable":true,"href":"https:\/\/fundacionkairos.org\/en\/wp-json\/wp\/v2\/media\/1002"}],"wp:attachment":[{"href":"https:\/\/fundacionkairos.org\/en\/wp-json\/wp\/v2\/media?parent=999"}],"wp:term":[{"taxonomy":"category","embeddable":true,"href":"https:\/\/fundacionkairos.org\/en\/wp-json\/wp\/v2\/categories?post=999"},{"taxonomy":"post_tag","embeddable":true,"href":"https:\/\/fundacionkairos.org\/en\/wp-json\/wp\/v2\/tags?post=999"}],"curies":[{"name":"wp","href":"https:\/\/api.w.org\/{rel}","templated":true}]}}